[{"@context":"https:\/\/schema.org\/","@type":"Article","@id":"https:\/\/www.bran.cz\/kazde-tvurci-dusi-nabidka-jen-slusi-kovove-ozdubky-na-textil\/#Article","mainEntityOfPage":"https:\/\/www.bran.cz\/kazde-tvurci-dusi-nabidka-jen-slusi-kovove-ozdubky-na-textil\/","headline":"Ka\u017ed\u00e9 tv\u016fr\u010d\u00ed du\u0161i, nab\u00eddka jen slu\u0161\u00ed. Kovov\u00e9 ozd\u016fbky na textil.","name":"Ka\u017ed\u00e9 tv\u016fr\u010d\u00ed du\u0161i, nab\u00eddka jen slu\u0161\u00ed. Kovov\u00e9 ozd\u016fbky na textil.","description":"Mil\u00e9 d\u00e1my, mil\u00e9 \u0161vadlenky, profesion\u00e1ln\u00ed, ale i p\u0159\u00edle\u017eitostn\u00e9, dovolte n\u00e1m p\u0159edstavit na\u0161i nab\u00eddku textiln\u00ed galanterie &hellip; <a href=\"https:\/\/www.bran.cz\/kazde-tvurci-dusi-nabidka-jen-slusi-kovove-ozdubky-na-textil\/\" class=\"more-link\"><span class=\"more-button\">P\u0159e\u010d\u00edst \u010dl\u00e1nek<span class=\"screen-reader-text\">Ka\u017ed\u00e9 tv\u016fr\u010d\u00ed du\u0161i, nab\u00eddka jen slu\u0161\u00ed. Kovov\u00e9 ozd\u016fbky na textil.<\/span><\/span><\/a>","datePublished":"2022-02-08","dateModified":"2023-04-29","author":{"@type":"Person","@id":"https:\/\/www.bran.cz\/author\/#Person","name":"","url":"https:\/\/www.bran.cz\/author\/","identifier":1,"image":{"@type":"ImageObject","@id":"https:\/\/secure.gravatar.com\/avatar\/40308b9402d145b1dc164f447b6506e9dadca8c8362c3ffb52df95e789c0fd10?s=96&d=mm&r=g","url":"https:\/\/secure.gravatar.com\/avatar\/40308b9402d145b1dc164f447b6506e9dadca8c8362c3ffb52df95e789c0fd10?s=96&d=mm&r=g","height":96,"width":96}},"publisher":{"@type":"Organization","name":"bran.cz","logo":{"@type":"ImageObject","@id":"\/logo.png","url":"\/logo.png","width":600,"height":60}},"image":{"@type":"ImageObject","@id":"https:\/\/www.bran.cz\/wp-content\/uploads\/%C5%BEelv.jpg","url":"https:\/\/www.bran.cz\/wp-content\/uploads\/%C5%BEelv.jpg","height":0,"width":0},"url":"https:\/\/www.bran.cz\/kazde-tvurci-dusi-nabidka-jen-slusi-kovove-ozdubky-na-textil\/","about":["N\u00e1kupy"],"wordCount":388,"articleBody":"   Mil\u00e9 d\u00e1my, mil\u00e9 \u0161vadlenky, profesion\u00e1ln\u00ed, ale i p\u0159\u00edle\u017eitostn\u00e9, dovolte n\u00e1m p\u0159edstavit na\u0161i nab\u00eddku textiln\u00ed galanterie neobvykl\u00e9ho rozsahu. Pokud nev\u011b\u0159\u00edte, otev\u0159ete rovnou str\u00e1nky internetov\u00e9ho obchodu Prima-obchod.cz. Takov\u00fd obchod jste jist\u011b nikdy nevid\u011bly, ba co nevid\u011bly, ani se v\u00e1m o n\u011bm nesnilo. Tady nakoup\u00edte opravdu v\u0161e, jak materi\u00e1ly, kter\u00e9 jste dlouho sh\u00e1n\u011bly a nikde na n\u011b nenarazily, ale tak\u00e9 drobnosti a vychyt\u00e1vky, kter\u00e9 prost\u011b mus\u00edte m\u00edt ve sv\u00e9 krej\u010dovsk\u00e9 d\u00edlni\u010dce a o nich\u017e jste doposavad nem\u011bly ani tu\u0161en\u00ed. Nyn\u00ed va\u0161e \u0161it\u00ed dos\u00e1hne naprosto jin\u00fdch rozm\u011br\u016f, m\u016f\u017eete sv\u00e9 v\u00fdtvory obohatit o v\u00fdrazn\u00e9 spony, nebo ozdoby kovov\u00e9 na textil Prima-obchod. Tato galanterie d\u00e1 va\u0161\u00ed tvorb\u011b nov\u00fd rozm\u011br a m\u016f\u017eete s jistotou \u010dekat dal\u0161\u00ed a nov\u00e9 z\u00e1kazn\u00edky va\u0161eho internetov\u00e9ho obch\u016fdku. Prost\u011b i mali\u010dkosti a detaily se pod\u00edl\u00ed v\u00fdznamn\u00fdm zp\u016fsobem na celku a podle nich kolikr\u00e1t roste popt\u00e1vka po v\u00fdrobku v ne\u00fam\u011brn\u00fdch \u010d\u00edslech. Je to tak. Opravdu detaily d\u011blaj\u00ed divy a ka\u017ed\u00e1 jedin\u00e1 ozd\u016fbka na textilu dok\u00e1\u017ee se z\u00e1kazn\u00edky ud\u011blat doslova kouzlo. Takov\u00fd d\u00edv\u010d\u00ed svet\u0159\u00edk se sovi\u010dkami a \u017eelvi\u010dkami ned\u00e1 sp\u00e1t jedn\u00e9 d\u00edvence. Prost\u011b je t\u0159eba koupit krom\u011b vlny k pleten\u00ed i tyto kovov\u00e9 ozd\u016fbky a m\u00e1te vystar\u00e1no s t\u00edm, jestli nebude dcera nebo vnu\u010dka svetr odm\u00edtat. M\u016f\u017eete si b\u00fdt jist\u00e9, \u017ee to bude ten nejobl\u00edben\u011bj\u0161\u00ed svet\u0159\u00edk, kter\u00fd si bude sama s radost\u00ed skl\u00e1dat a pe\u010dovat o n\u011bj. Va\u0161e v\u00fdrobky k prodeji m\u016f\u017eete zase ozdobit kovovou visa\u010dkou \u0161ic\u00edho stroje, nebo malou cedulkou Hand made. Ka\u017ed\u00e9mu z\u00e1kazn\u00edkovi, kter\u00fd si prohl\u00e9dne va\u0161i zak\u00e1zku, bude opravdu jasn\u00e9, \u017ee si zrovna prohl\u00ed\u017e\u00ed stoprocentn\u00ed ru\u010dn\u00ed pr\u00e1ci. Ale proto\u017ee se va\u0161\u00ed fantazii meze nekladou, co\u017e ozdobit ru\u010dn\u011b pletenou \u010depici bambul\u00ed, nebo st\u0159apcem, kter\u00fd bude dozdoben\u00fd t\u011bmito drobn\u00fdmi kovov\u00fdmi ozdobami. Kreativit\u011b vp\u0159ed, s nab\u00eddkou kovov\u00fdch ozd\u016fbek v\u00e1\u0161 obch\u016fdek doslova porozkvete.                                                                                                                                                                                                                                                                                                                                                                                          4.1\/5 - (12 votes)        "},{"@context":"https:\/\/schema.org\/","@type":"BreadcrumbList","itemListElement":[{"@type":"ListItem","position":1,"name":"Ka\u017ed\u00e9 tv\u016fr\u010d\u00ed du\u0161i, nab\u00eddka jen slu\u0161\u00ed. Kovov\u00e9 ozd\u016fbky na textil.","item":"https:\/\/www.bran.cz\/kazde-tvurci-dusi-nabidka-jen-slusi-kovove-ozdubky-na-textil\/#breadcrumbitem"}]}]