[{"@context":"https:\/\/schema.org\/","@type":"Article","@id":"https:\/\/www.bran.cz\/mate-maly-byt-trochu-si-ho-zvetsete\/#Article","mainEntityOfPage":"https:\/\/www.bran.cz\/mate-maly-byt-trochu-si-ho-zvetsete\/","headline":"M\u00e1te mal\u00fd byt? Trochu si ho zv\u011bt\u0161ete","name":"M\u00e1te mal\u00fd byt? Trochu si ho zv\u011bt\u0161ete","description":"Pokud se v\u00e1m zd\u00e1, \u017ee v\u00e1s byt je a\u017e p\u0159\u00edli\u0161 mal\u00fd, mo\u017en\u00e1 by se v\u00e1m &hellip; <a href=\"https:\/\/www.bran.cz\/mate-maly-byt-trochu-si-ho-zvetsete\/\" class=\"more-link\"><span class=\"more-button\">P\u0159e\u010d\u00edst \u010dl\u00e1nek<span class=\"screen-reader-text\">M\u00e1te mal\u00fd byt? Trochu si ho zv\u011bt\u0161ete<\/span><\/span><\/a>","datePublished":"2021-06-16","dateModified":"2023-04-29","author":{"@type":"Person","@id":"https:\/\/www.bran.cz\/author\/#Person","name":"","url":"https:\/\/www.bran.cz\/author\/","identifier":1,"image":{"@type":"ImageObject","@id":"https:\/\/secure.gravatar.com\/avatar\/40308b9402d145b1dc164f447b6506e9dadca8c8362c3ffb52df95e789c0fd10?s=96&d=mm&r=g","url":"https:\/\/secure.gravatar.com\/avatar\/40308b9402d145b1dc164f447b6506e9dadca8c8362c3ffb52df95e789c0fd10?s=96&d=mm&r=g","height":96,"width":96}},"publisher":{"@type":"Organization","name":"bran.cz","logo":{"@type":"ImageObject","@id":"\/logo.png","url":"\/logo.png","width":600,"height":60}},"image":{"@type":"ImageObject","@id":"https:\/\/www.bran.cz\/wp-content\/uploads\/Oble%C4%8Den%C3%AD%20na%20ram%C3%ADnku.jpg","url":"https:\/\/www.bran.cz\/wp-content\/uploads\/Oble%C4%8Den%C3%AD%20na%20ram%C3%ADnku.jpg","height":0,"width":0},"url":"https:\/\/www.bran.cz\/mate-maly-byt-trochu-si-ho-zvetsete\/","about":["N\u00e1kupy"],"wordCount":465,"articleBody":"      Pokud se v\u00e1m zd\u00e1, \u017ee v\u00e1s byt je a\u017e p\u0159\u00edli\u0161 mal\u00fd, mo\u017en\u00e1 by se v\u00e1m ho povedlo trochu nafouknout pomoc\u00ed speci\u00e1ln\u00edho n\u00e1bytku, kter\u00fd nezab\u00edr\u00e1 m\u00edsto.M\u00e1te mal\u00fd byt? Trochu si ho zv\u011bt\u0161eteVzhledem k tomu, \u017ee jsou dnes byty opravdu hodn\u011b drah\u00e9, mnoho lid\u00ed se rozhodlo trochu se st\u00edsnit a m\u00edsto aby \u017eili v podn\u00e1jmu, \u017eij\u00ed sice ve sv\u00e9m, ale na mal\u00e9m prostoru. Takto se d\u00e1 norm\u00e1ln\u011b \u017e\u00edt v jednom dvou lidech, ale ve chv\u00edli, kdy p\u0159ijde na sv\u011bt d\u00edt\u011b, chce to uva\u017eovat o roz\u0161\u00ed\u0159en\u00ed. To samoz\u0159ejm\u011b v\u011bt\u0161inou nen\u00ed mo\u017en\u00e9. T\u011b\u017eko zv\u011bt\u0161\u00edte byt n\u011bkde v panel\u00e1ku a na koupi vedlej\u0161\u00edho chyb\u00ed pen\u00edze. I tak se ale d\u00e1 zv\u011bt\u0161it obytn\u00fd prostor, jen se mus\u00ed v\u011bd\u011bt jak.Nejlevn\u011bj\u0161\u00ed a docela i funk\u010dn\u00ed zp\u016fsob je prost\u011b uklidit. Ov\u0161em ne prach n\u011bkde za almarou, ale tak\u0159ka v\u0161echno. Mal\u00e9 byty mus\u00ed b\u00fdt vybaveny maxim\u00e1ln\u011b prakticky a nem\u011blo by v nich b\u00fdt nav\u00edc ani sm\u00edtko. V\u0161e, co nepot\u0159ebujete, tedy vyho\u010fte. Zn\u00ed to docela drasticky, ale skute\u010dn\u011b to funguje. T\u00edmto zp\u016fsobem je mo\u017en\u00e9 z\u00edskat opravdu docela dost m\u00edsta. Kdy\u017e to je\u0161t\u011b zkombinujete s koup\u00ed vestav\u011bn\u00fdch sk\u0159\u00edn\u00ed, mo\u017en\u00e1 nakonec takto uspo\u0159\u00edte i n\u011bkolik cenn\u00fdch metr\u016f \u010dtvere\u010dn\u00edch.Vysoce praktick\u00fd n\u00e1bytekVestav\u011bn\u00e9 sk\u0159\u00edn\u011b na m\u00edru jsou ryze praktick\u00fdm n\u00e1bytkem, kter\u00fd slou\u017e\u00ed hlavn\u011b k uvoln\u011bn\u00ed obytn\u00e9ho prostoru. Na rozd\u00edl od klasick\u00fdch almar nezab\u00edraj\u00ed \u017e\u00e1dn\u00e9 m\u00edsto tam, kde ho zab\u00edrat nemaj\u00ed. Jsou toti\u017e ulo\u017eeny do st\u011bn, alespo\u0148 \u010d\u00e1ste\u010dn\u011b, a tud\u00ed\u017e \u0161et\u0159\u00ed m\u00edsto. Stejn\u011b jako klasika, tak i vestav\u011bn\u00fd n\u00e1bytek m\u016f\u017ee m\u00edt skute\u010dn\u011b hodn\u011b prostoru. Samoz\u0159ejm\u011b z\u00e1le\u017e\u00ed na tom, co p\u0159esn\u011b si objedn\u00e1te. Obecn\u011b ale plat\u00ed, \u017ee se do speci\u00e1ln\u00edho n\u00e1bytku vleze stejn\u00e9 penzum v\u011bc\u00ed jako do klasick\u00e9 almary. Nemus\u00edte se tedy ob\u00e1vat toho, \u017ee byste nem\u011bli kam ukl\u00e1dat oble\u010den\u00ed a dal\u0161\u00ed v\u011bci.Materi\u00e1lMnoho lid\u00ed si naivn\u011b mysl\u00ed, \u017ee kdy\u017e jsou vestav\u011bn\u00e9 sk\u0159\u00edn\u011b prakticky cel\u00fdm sv\u00fdm objemem skryt\u00e9 ve st\u011bn\u00e1ch, je mo\u017en\u00e9 je vyrobit prakticky ze v\u0161eho, tak\u0159ka i z odpadu. To ale nen\u00ed pochopiteln\u011b pravda, jeliko\u017e i tento druh n\u00e1bytku podl\u00e9h\u00e1 zk\u00e1ze. Chcete-li, aby v\u00e1m vydr\u017eel opravdu dlouho, m\u011bli byste si ho nechat vyrobit z n\u011b\u010deho kvalitn\u011bj\u0161\u00edho.                                                                                                                                                                                                                                                                                                                                                                                          4.7\/5 - (4 votes)        "},{"@context":"https:\/\/schema.org\/","@type":"BreadcrumbList","itemListElement":[{"@type":"ListItem","position":1,"name":"M\u00e1te mal\u00fd byt? Trochu si ho zv\u011bt\u0161ete","item":"https:\/\/www.bran.cz\/mate-maly-byt-trochu-si-ho-zvetsete\/#breadcrumbitem"}]}]