[{"@context":"https:\/\/schema.org\/","@type":"Article","@id":"https:\/\/www.bran.cz\/nez-prijde-svatebni-den\/#Article","mainEntityOfPage":"https:\/\/www.bran.cz\/nez-prijde-svatebni-den\/","headline":"Ne\u017e p\u0159ijde svatebn\u00ed den","name":"Ne\u017e p\u0159ijde svatebn\u00ed den","description":"U\u017e se nem\u016f\u017eete do\u010dkat, a\u017e \u0159eknete sv\u00e9 vyvolen\u00e9 nebo sv\u00e9mu vyvolen\u00e9mu ano? T\u011b\u0161\u00edte se na &hellip; <a href=\"https:\/\/www.bran.cz\/nez-prijde-svatebni-den\/\" class=\"more-link\"><span class=\"more-button\">P\u0159e\u010d\u00edst \u010dl\u00e1nek<span class=\"screen-reader-text\">Ne\u017e p\u0159ijde svatebn\u00ed den<\/span><\/span><\/a>","datePublished":"2025-02-16","dateModified":"2025-02-16","author":{"@type":"Person","@id":"https:\/\/www.bran.cz\/author\/#Person","name":"","url":"https:\/\/www.bran.cz\/author\/","identifier":1,"image":{"@type":"ImageObject","@id":"https:\/\/secure.gravatar.com\/avatar\/40308b9402d145b1dc164f447b6506e9dadca8c8362c3ffb52df95e789c0fd10?s=96&d=mm&r=g","url":"https:\/\/secure.gravatar.com\/avatar\/40308b9402d145b1dc164f447b6506e9dadca8c8362c3ffb52df95e789c0fd10?s=96&d=mm&r=g","height":96,"width":96}},"publisher":{"@type":"Organization","name":"bran.cz","logo":{"@type":"ImageObject","@id":"\/logo.png","url":"\/logo.png","width":600,"height":60}},"url":"https:\/\/www.bran.cz\/nez-prijde-svatebni-den\/","wordCount":200,"articleBody":"U\u017e se nem\u016f\u017eete do\u010dkat, a\u017e \u0159eknete sv\u00e9 vyvolen\u00e9 nebo sv\u00e9mu vyvolen\u00e9mu ano? T\u011b\u0161\u00edte se na svatebn\u00ed den nebo si naopak p\u0159ejete, aby u\u017e v\u0161e bylo za v\u00e1mi, proto\u017ee nesn\u00e1\u0161\u00edte \u017e\u00e1dn\u00e9 oficiality a ceremoni\u00e1ly? A\u0165 tak \u010di tak, pokud se chyst\u00e1te vd\u00e1t nebo o\u017eenit, svatebn\u00ed den v\u00e1s nemine. Mo\u017en\u00e1 je v\u0161ak p\u0159ed v\u00e1mi kr\u00e1sn\u00e1 svatebn\u00ed cesta a ur\u010dit\u011b je p\u0159ed v\u00e1mi kus kr\u00e1sn\u00e9ho spole\u010dn\u00e9ho \u017eivota. Vsa\u010fte na klasiku Ne\u017e v\u0161ak na vysn\u011bnou svatebn\u00ed cestu odjedete, je t\u0159eba, aby prob\u011bhl svatebn\u00ed ob\u0159ad, na kter\u00e9m ur\u010dit\u011b nebudete cht\u00edt postr\u00e1dat rodinn\u00e9 p\u0159\u00edslu\u0161n\u00edky, p\u0159\u00e1tele a zn\u00e1m\u00e9. Je pot\u0159eba jim d\u00e1t o va\u0161\u00ed svatb\u011b v\u011bd\u011bt. P\u0159esto\u017ee \u017eijeme v digit\u00e1ln\u00edm sv\u011bt\u011b, kde v\u0161echny kontakty zprost\u0159edkov\u00e1vaj\u00ed mobiln\u00ed telefony, SMS zpr\u00e1vy, maily \u010di soci\u00e1ln\u00ed s\u00edt\u011b, p\u0159imlouv\u00e1me se za to, abyste v\u0161echny svateb\u010dany pozvali jak se slu\u0161\u00ed a pat\u0159\u00ed, tedy prost\u0159ednictv\u00edm svatebn\u00edho ozn\u00e1men\u00ed.                                                                                                                                                                                                                                                                                                                                                                                        4\/5 - (1 vote)        "},{"@context":"https:\/\/schema.org\/","@type":"BreadcrumbList","itemListElement":[{"@type":"ListItem","position":1,"name":"Ne\u017e p\u0159ijde svatebn\u00ed den","item":"https:\/\/www.bran.cz\/nez-prijde-svatebni-den\/#breadcrumbitem"}]}]