[{"@context":"https:\/\/schema.org\/","@type":"Blog","@id":"https:\/\/www.bran.cz#Blog","headline":"Bran","description":"\n\u010clov\u011bk by nem\u011bl slep\u011b v\u011b\u0159it v\u0161emu, co se mu odn\u011bkud donese. A pokud u\u017e mermomoc\u00ed v\u011b\u0159it chce, m\u011bl by si to, \u010demu chce v\u011b\u0159it, ov\u011b\u0159it na na\u0161em webu.","url":"https:\/\/www.bran.cz","hasPart":[{"@type":"Article","@id":"https:\/\/www.bran.cz\/uz-jste-nakupovali-v-zasilkovem-obchode\/","headline":"U\u017e jste nakupovali v z\u00e1silkov\u00e9m obchod\u011b?","url":"https:\/\/www.bran.cz\/uz-jste-nakupovali-v-zasilkovem-obchode\/","datePublished":"2019-09-07","dateModified":"2023-04-29","mainEntityOfPage":"https:\/\/www.bran.cz\/uz-jste-nakupovali-v-zasilkovem-obchode\/","author":{"@type":"Person","@id":"https:\/\/www.bran.cz\/author\/#Person","name":"","url":"https:\/\/www.bran.cz\/author\/","identifier":1,"image":{"@type":"ImageObject","@id":"https:\/\/secure.gravatar.com\/avatar\/40308b9402d145b1dc164f447b6506e9dadca8c8362c3ffb52df95e789c0fd10?s=96&d=mm&r=g","url":"https:\/\/secure.gravatar.com\/avatar\/40308b9402d145b1dc164f447b6506e9dadca8c8362c3ffb52df95e789c0fd10?s=96&d=mm&r=g","height":96,"width":96}},"publisher":{"@type":"Organization","name":"bran.cz","logo":{"@type":"ImageObject","@id":"\/logo.png","url":"\/logo.png","width":600,"height":60}},"image":{"@type":"ImageObject","@id":"https:\/\/www.bran.cz\/wp-content\/uploads\/img_a354704_w3718_t1569309110.jpg","url":"https:\/\/www.bran.cz\/wp-content\/uploads\/img_a354704_w3718_t1569309110.jpg","height":0,"width":0},"wordCount":649,"keywords":null},{"@type":"Article","@id":"https:\/\/www.bran.cz\/kdyz-je-nakupovani-zahadou\/","headline":"Kdy\u017e je nakupov\u00e1n\u00ed z\u00e1hadou","url":"https:\/\/www.bran.cz\/kdyz-je-nakupovani-zahadou\/","datePublished":"2019-08-07","dateModified":"2023-04-29","mainEntityOfPage":"https:\/\/www.bran.cz\/kdyz-je-nakupovani-zahadou\/","author":{"@type":"Person","@id":"https:\/\/www.bran.cz\/author\/#Person","name":"","url":"https:\/\/www.bran.cz\/author\/","identifier":1,"image":{"@type":"ImageObject","@id":"https:\/\/secure.gravatar.com\/avatar\/40308b9402d145b1dc164f447b6506e9dadca8c8362c3ffb52df95e789c0fd10?s=96&d=mm&r=g","url":"https:\/\/secure.gravatar.com\/avatar\/40308b9402d145b1dc164f447b6506e9dadca8c8362c3ffb52df95e789c0fd10?s=96&d=mm&r=g","height":96,"width":96}},"publisher":{"@type":"Organization","name":"bran.cz","logo":{"@type":"ImageObject","@id":"\/logo.png","url":"\/logo.png","width":600,"height":60}},"image":{"@type":"ImageObject","@id":"https:\/\/www.bran.cz\/wp-content\/uploads\/img_a352574_w3718_t1567069453.jpg","url":"https:\/\/www.bran.cz\/wp-content\/uploads\/img_a352574_w3718_t1567069453.jpg","height":0,"width":0},"wordCount":4617,"keywords":null},{"@type":"Article","@id":"https:\/\/www.bran.cz\/olomouc-aneb-internet-pro-vsechny\/","headline":"Olomouc aneb internet pro v\u0161echny","url":"https:\/\/www.bran.cz\/olomouc-aneb-internet-pro-vsechny\/","datePublished":"2019-07-04","dateModified":"2023-04-29","mainEntityOfPage":"https:\/\/www.bran.cz\/olomouc-aneb-internet-pro-vsechny\/","author":{"@type":"Person","@id":"https:\/\/www.bran.cz\/author\/#Person","name":"","url":"https:\/\/www.bran.cz\/author\/","identifier":1,"image":{"@type":"ImageObject","@id":"https:\/\/secure.gravatar.com\/avatar\/40308b9402d145b1dc164f447b6506e9dadca8c8362c3ffb52df95e789c0fd10?s=96&d=mm&r=g","url":"https:\/\/secure.gravatar.com\/avatar\/40308b9402d145b1dc164f447b6506e9dadca8c8362c3ffb52df95e789c0fd10?s=96&d=mm&r=g","height":96,"width":96}},"publisher":{"@type":"Organization","name":"bran.cz","logo":{"@type":"ImageObject","@id":"\/logo.png","url":"\/logo.png","width":600,"height":60}},"image":{"@type":"ImageObject","@id":"https:\/\/www.bran.cz\/wp-content\/uploads\/img_a353512_w3718_t1568028402.jpg","url":"https:\/\/www.bran.cz\/wp-content\/uploads\/img_a353512_w3718_t1568028402.jpg","height":0,"width":0},"wordCount":500,"keywords":null},{"@type":"Article","@id":"https:\/\/www.bran.cz\/tvorba-webovych-stranek-kromeriz\/","headline":"Tvorba webov\u00fdch str\u00e1nek Krom\u011b\u0159\u00ed\u017e","url":"https:\/\/www.bran.cz\/tvorba-webovych-stranek-kromeriz\/","datePublished":"2019-07-01","dateModified":"2023-04-29","mainEntityOfPage":"https:\/\/www.bran.cz\/tvorba-webovych-stranek-kromeriz\/","author":{"@type":"Person","@id":"https:\/\/www.bran.cz\/author\/#Person","name":"","url":"https:\/\/www.bran.cz\/author\/","identifier":1,"image":{"@type":"ImageObject","@id":"https:\/\/secure.gravatar.com\/avatar\/40308b9402d145b1dc164f447b6506e9dadca8c8362c3ffb52df95e789c0fd10?s=96&d=mm&r=g","url":"https:\/\/secure.gravatar.com\/avatar\/40308b9402d145b1dc164f447b6506e9dadca8c8362c3ffb52df95e789c0fd10?s=96&d=mm&r=g","height":96,"width":96}},"publisher":{"@type":"Organization","name":"bran.cz","logo":{"@type":"ImageObject","@id":"\/logo.png","url":"\/logo.png","width":600,"height":60}},"image":{"@type":"ImageObject","@id":"https:\/\/www.bran.cz\/wp-content\/uploads\/img_a352228_w3718_t1566804954.png","url":"https:\/\/www.bran.cz\/wp-content\/uploads\/img_a352228_w3718_t1566804954.png","height":0,"width":0},"wordCount":532,"keywords":null},{"@type":"Article","@id":"https:\/\/www.bran.cz\/kdy-vam-daji-kompenzaci\/","headline":"Kdy v\u00e1m daj\u00ed kompenzaci?","url":"https:\/\/www.bran.cz\/kdy-vam-daji-kompenzaci\/","datePublished":"2019-06-25","dateModified":"2023-04-29","mainEntityOfPage":"https:\/\/www.bran.cz\/kdy-vam-daji-kompenzaci\/","author":{"@type":"Person","@id":"https:\/\/www.bran.cz\/author\/#Person","name":"","url":"https:\/\/www.bran.cz\/author\/","identifier":1,"image":{"@type":"ImageObject","@id":"https:\/\/secure.gravatar.com\/avatar\/40308b9402d145b1dc164f447b6506e9dadca8c8362c3ffb52df95e789c0fd10?s=96&d=mm&r=g","url":"https:\/\/secure.gravatar.com\/avatar\/40308b9402d145b1dc164f447b6506e9dadca8c8362c3ffb52df95e789c0fd10?s=96&d=mm&r=g","height":96,"width":96}},"publisher":{"@type":"Organization","name":"bran.cz","logo":{"@type":"ImageObject","@id":"\/logo.png","url":"\/logo.png","width":600,"height":60}},"image":{"@type":"ImageObject","@id":"https:\/\/www.bran.cz\/wp-content\/uploads\/img_a350675_w1699_t1565592063.jpg","url":"https:\/\/www.bran.cz\/wp-content\/uploads\/img_a350675_w1699_t1565592063.jpg","height":0,"width":0},"wordCount":563,"keywords":null},{"@type":"Article","@id":"https:\/\/www.bran.cz\/jak-si-ulehcit-hubnuti\/","headline":"Jak si uleh\u010dit hubnut\u00ed?","url":"https:\/\/www.bran.cz\/jak-si-ulehcit-hubnuti\/","datePublished":"2019-06-20","dateModified":"2023-08-17","mainEntityOfPage":"https:\/\/www.bran.cz\/jak-si-ulehcit-hubnuti\/","author":{"@type":"Person","@id":"https:\/\/www.bran.cz\/author\/#Person","name":"","url":"https:\/\/www.bran.cz\/author\/","identifier":1,"image":{"@type":"ImageObject","@id":"https:\/\/secure.gravatar.com\/avatar\/40308b9402d145b1dc164f447b6506e9dadca8c8362c3ffb52df95e789c0fd10?s=96&d=mm&r=g","url":"https:\/\/secure.gravatar.com\/avatar\/40308b9402d145b1dc164f447b6506e9dadca8c8362c3ffb52df95e789c0fd10?s=96&d=mm&r=g","height":96,"width":96}},"publisher":{"@type":"Organization","name":"bran.cz","logo":{"@type":"ImageObject","@id":"\/logo.png","url":"\/logo.png","width":600,"height":60}},"image":{"@type":"ImageObject","@id":"https:\/\/www.bran.cz\/wp-content\/uploads\/img_a350341_w1698_t1565179435.jpg","url":"https:\/\/www.bran.cz\/wp-content\/uploads\/img_a350341_w1698_t1565179435.jpg","height":0,"width":0},"wordCount":556,"keywords":null},{"@type":"Article","@id":"https:\/\/www.bran.cz\/proc-nebankovni-hypoteka\/","headline":"Pro\u010d nebankovn\u00ed hypot\u00e9ka?","url":"https:\/\/www.bran.cz\/proc-nebankovni-hypoteka\/","datePublished":"2019-06-16","dateModified":"2023-04-29","mainEntityOfPage":"https:\/\/www.bran.cz\/proc-nebankovni-hypoteka\/","author":{"@type":"Person","@id":"https:\/\/www.bran.cz\/author\/#Person","name":"","url":"https:\/\/www.bran.cz\/author\/","identifier":1,"image":{"@type":"ImageObject","@id":"https:\/\/secure.gravatar.com\/avatar\/40308b9402d145b1dc164f447b6506e9dadca8c8362c3ffb52df95e789c0fd10?s=96&d=mm&r=g","url":"https:\/\/secure.gravatar.com\/avatar\/40308b9402d145b1dc164f447b6506e9dadca8c8362c3ffb52df95e789c0fd10?s=96&d=mm&r=g","height":96,"width":96}},"publisher":{"@type":"Organization","name":"bran.cz","logo":{"@type":"ImageObject","@id":"\/logo.png","url":"\/logo.png","width":600,"height":60}},"image":{"@type":"ImageObject","@id":"https:\/\/www.bran.cz\/wp-content\/uploads\/img_a352026_w3718_t1566548053.jpg","url":"https:\/\/www.bran.cz\/wp-content\/uploads\/img_a352026_w3718_t1566548053.jpg","height":0,"width":0},"wordCount":522,"keywords":null},{"@type":"Article","@id":"https:\/\/www.bran.cz\/jak-byt-v-bezpeci-online\/","headline":"Jak b\u00fdt v bezpe\u010d\u00ed online?","url":"https:\/\/www.bran.cz\/jak-byt-v-bezpeci-online\/","datePublished":"2019-06-10","dateModified":"2023-04-29","mainEntityOfPage":"https:\/\/www.bran.cz\/jak-byt-v-bezpeci-online\/","author":{"@type":"Person","@id":"https:\/\/www.bran.cz\/author\/#Person","name":"","url":"https:\/\/www.bran.cz\/author\/","identifier":1,"image":{"@type":"ImageObject","@id":"https:\/\/secure.gravatar.com\/avatar\/40308b9402d145b1dc164f447b6506e9dadca8c8362c3ffb52df95e789c0fd10?s=96&d=mm&r=g","url":"https:\/\/secure.gravatar.com\/avatar\/40308b9402d145b1dc164f447b6506e9dadca8c8362c3ffb52df95e789c0fd10?s=96&d=mm&r=g","height":96,"width":96}},"publisher":{"@type":"Organization","name":"bran.cz","logo":{"@type":"ImageObject","@id":"\/logo.png","url":"\/logo.png","width":600,"height":60}},"image":{"@type":"ImageObject","@id":"https:\/\/www.bran.cz\/wp-content\/uploads\/img_a349477_w2340_t1564434533.jpg","url":"https:\/\/www.bran.cz\/wp-content\/uploads\/img_a349477_w2340_t1564434533.jpg","height":0,"width":0},"wordCount":493,"keywords":null},{"@type":"Article","@id":"https:\/\/www.bran.cz\/oriflame\/","headline":"Oriflame","url":"https:\/\/www.bran.cz\/oriflame\/","datePublished":"2019-06-06","dateModified":"2023-04-29","mainEntityOfPage":"https:\/\/www.bran.cz\/oriflame\/","author":{"@type":"Person","@id":"https:\/\/www.bran.cz\/author\/#Person","name":"","url":"https:\/\/www.bran.cz\/author\/","identifier":1,"image":{"@type":"ImageObject","@id":"https:\/\/secure.gravatar.com\/avatar\/40308b9402d145b1dc164f447b6506e9dadca8c8362c3ffb52df95e789c0fd10?s=96&d=mm&r=g","url":"https:\/\/secure.gravatar.com\/avatar\/40308b9402d145b1dc164f447b6506e9dadca8c8362c3ffb52df95e789c0fd10?s=96&d=mm&r=g","height":96,"width":96}},"publisher":{"@type":"Organization","name":"bran.cz","logo":{"@type":"ImageObject","@id":"\/logo.png","url":"\/logo.png","width":600,"height":60}},"image":{"@type":"ImageObject","@id":"https:\/\/www.bran.cz\/wp-content\/uploads\/img_a347500_w2945_t1561893063.jpg","url":"https:\/\/www.bran.cz\/wp-content\/uploads\/img_a347500_w2945_t1561893063.jpg","height":0,"width":0},"wordCount":500,"keywords":null},{"@type":"Article","@id":"https:\/\/www.bran.cz\/oslovit-zakaznika-uz-neni-tak-snadne-jako-driv\/","headline":"Oslovit z\u00e1kazn\u00edka u\u017e nen\u00ed tak snadn\u00e9 jako d\u0159\u00edv","url":"https:\/\/www.bran.cz\/oslovit-zakaznika-uz-neni-tak-snadne-jako-driv\/","datePublished":"2019-04-21","dateModified":"2023-04-29","mainEntityOfPage":"https:\/\/www.bran.cz\/oslovit-zakaznika-uz-neni-tak-snadne-jako-driv\/","author":{"@type":"Person","@id":"https:\/\/www.bran.cz\/author\/#Person","name":"","url":"https:\/\/www.bran.cz\/author\/","identifier":1,"image":{"@type":"ImageObject","@id":"https:\/\/secure.gravatar.com\/avatar\/40308b9402d145b1dc164f447b6506e9dadca8c8362c3ffb52df95e789c0fd10?s=96&d=mm&r=g","url":"https:\/\/secure.gravatar.com\/avatar\/40308b9402d145b1dc164f447b6506e9dadca8c8362c3ffb52df95e789c0fd10?s=96&d=mm&r=g","height":96,"width":96}},"publisher":{"@type":"Organization","name":"bran.cz","logo":{"@type":"ImageObject","@id":"\/logo.png","url":"\/logo.png","width":600,"height":60}},"image":{"@type":"ImageObject","@id":"https:\/\/www.bran.cz\/wp-content\/uploads\/img_a343218_w2610_t1556369985.jpg","url":"https:\/\/www.bran.cz\/wp-content\/uploads\/img_a343218_w2610_t1556369985.jpg","height":0,"width":0},"wordCount":4444,"keywords":null}]},{"@context":"https:\/\/schema.org","@type":"WebSite","@id":"https:\/\/www.bran.cz\/#website","name":"Bran","url":"https:\/\/www.bran.cz","potentialAction":{"@type":"SearchAction","target":"https:\/\/www.bran.cz\/?s={search_term_string}","query-input":"required name=search_term_string"}}]