[{"@context":"https:\/\/schema.org\/","@type":"Article","@id":"https:\/\/www.bran.cz\/po-praci-odmena\/#Article","mainEntityOfPage":"https:\/\/www.bran.cz\/po-praci-odmena\/","headline":"Po pr\u00e1ci odm\u011bna","name":"Po pr\u00e1ci odm\u011bna","description":"V dne\u0161n\u00ed dob\u011b je jedin\u00e9, co je \u010dlov\u011bku v zam\u011bstn\u00e1n\u00ed p\u0159id\u00e1v\u00e1no je\u0161t\u011b dal\u0161\u00ed pr\u00e1ce, rozhodn\u011b &hellip; <a href=\"https:\/\/www.bran.cz\/po-praci-odmena\/\" class=\"more-link\"><span class=\"more-button\">P\u0159e\u010d\u00edst \u010dl\u00e1nek<span class=\"screen-reader-text\">Po pr\u00e1ci odm\u011bna<\/span><\/span><\/a>","datePublished":"2025-04-25","dateModified":"2025-04-25","author":{"@type":"Person","@id":"https:\/\/www.bran.cz\/author\/#Person","name":"","url":"https:\/\/www.bran.cz\/author\/","identifier":1,"image":{"@type":"ImageObject","@id":"https:\/\/secure.gravatar.com\/avatar\/40308b9402d145b1dc164f447b6506e9dadca8c8362c3ffb52df95e789c0fd10?s=96&d=mm&r=g","url":"https:\/\/secure.gravatar.com\/avatar\/40308b9402d145b1dc164f447b6506e9dadca8c8362c3ffb52df95e789c0fd10?s=96&d=mm&r=g","height":96,"width":96}},"publisher":{"@type":"Organization","name":"bran.cz","logo":{"@type":"ImageObject","@id":"\/logo.png","url":"\/logo.png","width":600,"height":60}},"url":"https:\/\/www.bran.cz\/po-praci-odmena\/","wordCount":186,"articleBody":"V dne\u0161n\u00ed dob\u011b je jedin\u00e9, co je \u010dlov\u011bku v zam\u011bstn\u00e1n\u00ed p\u0159id\u00e1v\u00e1no je\u0161t\u011b dal\u0161\u00ed pr\u00e1ce, rozhodn\u011b ne v\u0161ak za v\u00edce pen\u011bz nebo s mo\u017enost\u00ed odej\u00edt d\u0159\u00edve dom\u016f. Ba naopak jsme v pr\u00e1ci \u010d\u00edm d\u00e1l t\u00edm d\u00e9le a osmihodinov\u00e1 pracovn\u00ed doba je pro mnoh\u00e9 jen v\u00fdjime\u010dnou p\u00e1te\u010dn\u00ed skute\u010dnost\u00ed, kdy odch\u00e1zej\u00ed je\u0161t\u011b s provinil\u00fdm pocitem, co v\u0161e je t\u0159eba p\u0159es v\u00edkend doma dod\u011blat. Proto jsme tady alespo\u0148 my a n\u00e1mi nab\u00edzen\u00e1 pizza Praha, abychom V\u00e1m p\u0159ipravili odm\u011bnu za n\u00e1ro\u010dn\u00e9 pracovn\u00ed dny.Chutn\u011b, rychle a bez pr\u00e1ceNab\u00edz\u00edme V\u00e1m pizzu Praha ve v\u0161ech mo\u017en\u00fdch variant\u00e1ch, chut\u00edch a s r\u016fzn\u00fdmi ingrediencemi, aby to opravdu byla odm\u011bna podle Va\u0161ich p\u0159edstav. Nemus\u00edte tak str\u00e1vit dal\u0161\u00ed \u010das prac\u00ed v kuchyni a jen si pochutnat na ve\u010de\u0159i od n\u00e1s, kterou V\u00e1m r\u00e1di dovezeme a\u017e dom\u016f.                                                                                                                                                                                                                                                                                                                                                                                                "},{"@context":"https:\/\/schema.org\/","@type":"BreadcrumbList","itemListElement":[{"@type":"ListItem","position":1,"name":"Po pr\u00e1ci odm\u011bna","item":"https:\/\/www.bran.cz\/po-praci-odmena\/#breadcrumbitem"}]}]