{"@context":"https:\/\/schema.org\/","@type":"CollectionPage","@id":"https:\/\/www.bran.cz\/sport\/#CollectionPage","headline":"Sport Category","description":"","url":"https:\/\/www.bran.cz\/sport\/","hasPart":[{"@type":"Article","@id":"https:\/\/www.bran.cz\/sport-me-bavi\/","headline":"Sport m\u011b bav\u00ed","url":"https:\/\/www.bran.cz\/sport-me-bavi\/","datePublished":"2022-03-27","dateModified":"2023-04-29","mainEntityOfPage":"https:\/\/www.bran.cz\/sport-me-bavi\/","author":{"@type":"Person","@id":"https:\/\/www.bran.cz\/author\/#Person","name":"","url":"https:\/\/www.bran.cz\/author\/","identifier":1,"image":{"@type":"ImageObject","@id":"https:\/\/secure.gravatar.com\/avatar\/40308b9402d145b1dc164f447b6506e9dadca8c8362c3ffb52df95e789c0fd10?s=96&d=mm&r=g","url":"https:\/\/secure.gravatar.com\/avatar\/40308b9402d145b1dc164f447b6506e9dadca8c8362c3ffb52df95e789c0fd10?s=96&d=mm&r=g","height":96,"width":96}},"publisher":{"@type":"Organization","name":"bran.cz","logo":{"@type":"ImageObject","@id":"\/logo.png","url":"\/logo.png","width":600,"height":60}},"image":{"@type":"ImageObject","@id":"https:\/\/www.bran.cz\/wp-content\/uploads\/woman-3432069__340_2.jpg","url":"https:\/\/www.bran.cz\/wp-content\/uploads\/woman-3432069__340_2.jpg","height":0,"width":0},"keywords":null},{"@type":"Article","@id":"https:\/\/www.bran.cz\/posledni-zavod-f1-sezony-2021\/","headline":"Posledn\u00ed z\u00e1vod F1 sez\u00f3ny 2021","url":"https:\/\/www.bran.cz\/posledni-zavod-f1-sezony-2021\/","datePublished":"2022-03-22","dateModified":"2023-04-29","mainEntityOfPage":"https:\/\/www.bran.cz\/posledni-zavod-f1-sezony-2021\/","author":{"@type":"Person","@id":"https:\/\/www.bran.cz\/author\/#Person","name":"","url":"https:\/\/www.bran.cz\/author\/","identifier":1,"image":{"@type":"ImageObject","@id":"https:\/\/secure.gravatar.com\/avatar\/40308b9402d145b1dc164f447b6506e9dadca8c8362c3ffb52df95e789c0fd10?s=96&d=mm&r=g","url":"https:\/\/secure.gravatar.com\/avatar\/40308b9402d145b1dc164f447b6506e9dadca8c8362c3ffb52df95e789c0fd10?s=96&d=mm&r=g","height":96,"width":96}},"publisher":{"@type":"Organization","name":"bran.cz","logo":{"@type":"ImageObject","@id":"\/logo.png","url":"\/logo.png","width":600,"height":60}},"image":{"@type":"ImageObject","@id":"https:\/\/www.bran.cz\/wp-content\/uploads\/pexels-sebastian-angarita-11482791.jpg","url":"https:\/\/www.bran.cz\/wp-content\/uploads\/pexels-sebastian-angarita-11482791.jpg","height":0,"width":0},"keywords":null},{"@type":"Article","@id":"https:\/\/www.bran.cz\/zajistete-svym-detem-dostatek-pohybu\/","headline":"Zajist\u011bte sv\u00fdm d\u011btem dostatek pohybu","url":"https:\/\/www.bran.cz\/zajistete-svym-detem-dostatek-pohybu\/","datePublished":"2019-12-18","dateModified":"2023-04-29","mainEntityOfPage":"https:\/\/www.bran.cz\/zajistete-svym-detem-dostatek-pohybu\/","author":{"@type":"Person","@id":"https:\/\/www.bran.cz\/author\/#Person","name":"","url":"https:\/\/www.bran.cz\/author\/","identifier":1,"image":{"@type":"ImageObject","@id":"https:\/\/secure.gravatar.com\/avatar\/40308b9402d145b1dc164f447b6506e9dadca8c8362c3ffb52df95e789c0fd10?s=96&d=mm&r=g","url":"https:\/\/secure.gravatar.com\/avatar\/40308b9402d145b1dc164f447b6506e9dadca8c8362c3ffb52df95e789c0fd10?s=96&d=mm&r=g","height":96,"width":96}},"publisher":{"@type":"Organization","name":"bran.cz","logo":{"@type":"ImageObject","@id":"\/logo.png","url":"\/logo.png","width":600,"height":60}},"image":{"@type":"ImageObject","@id":"https:\/\/www.bran.cz\/wp-content\/uploads\/img_a362838_w3718_t1575802158.jpg","url":"https:\/\/www.bran.cz\/wp-content\/uploads\/img_a362838_w3718_t1575802158.jpg","height":0,"width":0},"keywords":null}]}