[{"@context":"https:\/\/schema.org\/","@type":"Article","@id":"https:\/\/www.bran.cz\/tyden-na-horach-tyden-u-more\/#Article","mainEntityOfPage":"https:\/\/www.bran.cz\/tyden-na-horach-tyden-u-more\/","headline":"T\u00fdden na hor\u00e1ch, t\u00fdden u mo\u0159e","name":"T\u00fdden na hor\u00e1ch, t\u00fdden u mo\u0159e","description":"N\u011bkdo jako m\u00edsto pro svou dovolenou preferuje ji\u017en\u00ed zem\u011b, n\u011bkomu se chce v\u00edce na sever. &hellip; <a href=\"https:\/\/www.bran.cz\/tyden-na-horach-tyden-u-more\/\" class=\"more-link\"><span class=\"more-button\">P\u0159e\u010d\u00edst \u010dl\u00e1nek<span class=\"screen-reader-text\">T\u00fdden na hor\u00e1ch, t\u00fdden u mo\u0159e<\/span><\/span><\/a>","datePublished":"2025-02-28","dateModified":"2023-04-29","author":{"@type":"Person","@id":"https:\/\/www.bran.cz\/author\/#Person","name":"","url":"https:\/\/www.bran.cz\/author\/","identifier":1,"image":{"@type":"ImageObject","@id":"https:\/\/secure.gravatar.com\/avatar\/40308b9402d145b1dc164f447b6506e9dadca8c8362c3ffb52df95e789c0fd10?s=96&d=mm&r=g","url":"https:\/\/secure.gravatar.com\/avatar\/40308b9402d145b1dc164f447b6506e9dadca8c8362c3ffb52df95e789c0fd10?s=96&d=mm&r=g","height":96,"width":96}},"publisher":{"@type":"Organization","name":"bran.cz","logo":{"@type":"ImageObject","@id":"\/logo.png","url":"\/logo.png","width":600,"height":60}},"image":{"@type":"ImageObject","@id":"https:\/\/www.bran.cz\/wp-content\/uploads\/img_a287588_w2161_t1498148915.jpg","url":"https:\/\/www.bran.cz\/wp-content\/uploads\/img_a287588_w2161_t1498148915.jpg","height":0,"width":0},"url":"https:\/\/www.bran.cz\/tyden-na-horach-tyden-u-more\/","wordCount":407,"articleBody":"N\u011bkdo jako m\u00edsto pro svou dovolenou preferuje ji\u017en\u00ed zem\u011b, n\u011bkomu se chce v\u00edce na sever. Je to d\u00e1no t\u00edm, co si ka\u017ed\u00fd od sv\u00e9 dovolen\u00e9 slibuje.\u00a7\u00a0 Pokud pojedeme do \u0160pan\u011blska nebo \u0158ecka, asi budeme hledat mo\u0159e.\u00a7\u00a0 Tou\u017e\u00edme-li po ly\u017eov\u00e1n\u00ed, a\u017e tak daleko nemus\u00edme.&#8211;\u00a0\u00a0\u00a0\u00a0\u00a0\u00a0\u00a0\u00a0 Sta\u010d\u00ed zajet do sousedn\u00edho Rakouska, do Alp.Co d\u011blat v p\u0159\u00edpad\u011b, \u017ee se nem\u016f\u017eeme rozhodnout? Nebo m\u016f\u017ee nastat je\u0161t\u011b slo\u017eit\u011bj\u0161\u00ed situace, kdy se nem\u016f\u017eeme dohodnout s partnerem. Vy chcete do hor na ly\u017eova\u010dku a partner tou\u017e\u00ed smo\u010dit nohy v mo\u0159i. Jedno \u0159e\u0161en\u00ed by tu bylo. V are\u00e1lu Sierra Nevada, kter\u00fd se nach\u00e1z\u00ed ve \u0160pan\u011blsku, najdete v\u0161e, co pot\u0159ebujete. Ly\u017eovat m\u016f\u017eete v nadmo\u0159sk\u00e9 v\u00fd\u0161ce t\u0159\u00ed tis\u00edc metr\u016f. Po v\u011bt\u0161inu roku i za slune\u010dn\u00e9ho po\u010das\u00ed. Jestli\u017ee vystoup\u00e1te na n\u011bkter\u00fd z vrcholk\u016f, m\u016f\u017eete zahl\u00e9dnout starobyl\u00e9 \u0161pan\u011blsk\u00e9 m\u011bsto Granada.\tN ja\u0159e je levn\u011bjiSierra Nevada se skl\u00e1d\u00e1 z \u0161esti st\u0159edisek, do kter\u00fdch plat\u00ed jednotn\u00fd skipas. Tento are\u00e1l je p\u0159\u00edmo r\u00e1jem pro vyznava\u010de ly\u017eov\u00e1n\u00ed. Nab\u00edz\u00ed se tu p\u0159es sto kilometr\u016f udr\u017eovan\u00fdch sjezdovek. Na \u017e\u00e1dnou z nich nemus\u00edte vlastn\u00edmi silami, ale vyvezou V\u00e1s seda\u010dkov\u00e9 lanovky. Trat\u011b nejsou nikterak obt\u00ed\u017en\u00e9, nejdel\u0161\u00ed m\u011b\u0159\u00ed p\u0159es \u0161est kilometr\u016f.&#8211;\u00a0\u00a0\u00a0\u00a0\u00a0\u00a0\u00a0\u00a0 Jestli\u017ee chcete trochu u\u0161et\u0159it, je dobr\u00e9 nav\u0161t\u00edvit tento are\u00e1l na ja\u0159e.&#8211;\u00a0\u00a0\u00a0\u00a0\u00a0\u00a0\u00a0\u00a0 Permanentku na t\u00fdden si tu po\u0159\u00edd\u00edte za polovi\u010dn\u00ed cenu.&#8211;\u00a0\u00a0\u00a0\u00a0\u00a0\u00a0\u00a0\u00a0 V sez\u00f3n\u011b za ni zaplat\u00edte v p\u0159epo\u010dtu t\u00e9m\u011b\u0159 sedm tis\u00edc na\u0161ich korun.Kdy\u017e sestoup\u00edte z v\u00fd\u0161in poho\u0159\u00ed, m\u016f\u017eete nav\u0161t\u00edvit z\u00e1bavn\u00ed park ve m\u011bst\u011b Pradolano. Nab\u00edzej\u00ed se tu zimn\u00ed radov\u00e1nky. K vyzkou\u0161en\u00ed tu maj\u00ed klasickou bobovou dr\u00e1hu i dr\u00e1hu ruskou. Maxim\u00e1ln\u00ed rychlost pro dvojbob bude \u010dty\u0159icet kilometr\u016f za hodinu. M\u00e1te u\u017e zimy dost a te\u010f by to cht\u011blo kone\u010dn\u011b to mo\u0159e? Nen\u00ed probl\u00e9m. Zaje\u010fte si na pob\u0159e\u017e\u00ed Costa Tropical. V\u011bt\u0161inu roku tu maj\u00ed teplotu kolem dvaceti stup\u0148\u016f. Slunn\u00e9 pob\u0159e\u017e\u00ed je od horsk\u00e9ho st\u0159ediska vzd\u00e1len\u00e9 pouhou hodinu j\u00edzdy autem.                                                                                                                                                                                                                                                                                                                                                                                        4.2\/5 - (8 votes)        "},{"@context":"https:\/\/schema.org\/","@type":"BreadcrumbList","itemListElement":[{"@type":"ListItem","position":1,"name":"T\u00fdden na hor\u00e1ch, t\u00fdden u mo\u0159e","item":"https:\/\/www.bran.cz\/tyden-na-horach-tyden-u-more\/#breadcrumbitem"}]}]