[{"@context":"https:\/\/schema.org\/","@type":"Article","@id":"https:\/\/www.bran.cz\/vanocni-vyzdobu-letos-nechte-na-detech-budete-mit-doma-jedinecnou-a-originalni-atmosferu-a-za-hubicku\/#Article","mainEntityOfPage":"https:\/\/www.bran.cz\/vanocni-vyzdobu-letos-nechte-na-detech-budete-mit-doma-jedinecnou-a-originalni-atmosferu-a-za-hubicku\/","headline":"V\u00e1no\u010dn\u00ed v\u00fdzdobu letos nechte na d\u011btech. Budete m\u00edt doma jedine\u010dnou a origin\u00e1ln\u00ed atmosf\u00e9ru a za hubi\u010dku.","name":"V\u00e1no\u010dn\u00ed v\u00fdzdobu letos nechte na d\u011btech. Budete m\u00edt doma jedine\u010dnou a origin\u00e1ln\u00ed atmosf\u00e9ru a za hubi\u010dku.","description":"P\u0159em\u00fd\u0161l\u00edte u\u017e nad v\u00e1no\u010dn\u00ed v\u00fdzdobou a cht\u011bli byste m\u00edt letos n\u011bco jin\u00e9ho ne\u017e loni a &hellip; <a href=\"https:\/\/www.bran.cz\/vanocni-vyzdobu-letos-nechte-na-detech-budete-mit-doma-jedinecnou-a-originalni-atmosferu-a-za-hubicku\/\" class=\"more-link\"><span class=\"more-button\">P\u0159e\u010d\u00edst \u010dl\u00e1nek<span class=\"screen-reader-text\">V\u00e1no\u010dn\u00ed v\u00fdzdobu letos nechte na d\u011btech. Budete m\u00edt doma jedine\u010dnou a origin\u00e1ln\u00ed atmosf\u00e9ru a za hubi\u010dku.<\/span><\/span><\/a>","datePublished":"2019-11-03","dateModified":"2023-04-29","author":{"@type":"Person","@id":"https:\/\/www.bran.cz\/author\/#Person","name":"","url":"https:\/\/www.bran.cz\/author\/","identifier":1,"image":{"@type":"ImageObject","@id":"https:\/\/secure.gravatar.com\/avatar\/40308b9402d145b1dc164f447b6506e9dadca8c8362c3ffb52df95e789c0fd10?s=96&d=mm&r=g","url":"https:\/\/secure.gravatar.com\/avatar\/40308b9402d145b1dc164f447b6506e9dadca8c8362c3ffb52df95e789c0fd10?s=96&d=mm&r=g","height":96,"width":96}},"publisher":{"@type":"Organization","name":"bran.cz","logo":{"@type":"ImageObject","@id":"\/logo.png","url":"\/logo.png","width":600,"height":60}},"image":{"@type":"ImageObject","@id":"https:\/\/www.bran.cz\/wp-content\/uploads\/img_a361241_w3718_t1574588137.jpg","url":"https:\/\/www.bran.cz\/wp-content\/uploads\/img_a361241_w3718_t1574588137.jpg","height":0,"width":0},"url":"https:\/\/www.bran.cz\/vanocni-vyzdobu-letos-nechte-na-detech-budete-mit-doma-jedinecnou-a-originalni-atmosferu-a-za-hubicku\/","about":["Bydlen\u00ed"],"wordCount":470,"articleBody":"P\u0159em\u00fd\u0161l\u00edte u\u017e nad v\u00e1no\u010dn\u00ed v\u00fdzdobou a cht\u011bli byste m\u00edt letos n\u011bco jin\u00e9ho ne\u017e loni a mo\u017en\u00e1 tak\u00e9 n\u011bco jin\u00e9ho ne\u017e v\u0161ichni ostatn\u00ed? Zkuste do v\u00fdroby v\u00e1no\u010dn\u00edch dekorac\u00ed letos zapojit i sv\u00e9 d\u011bti. Jejich fantazie je p\u0159eci jen origin\u00e1ln\u00ed a nejlep\u0161\u00ed a domov v\u00e1m hned bude \u00fapln\u011b jinak z\u00e1\u0159it. Spole\u010dn\u00e9 chvilky, kter\u00e9 u tvo\u0159en\u00ed spole\u010dn\u011b str\u00e1v\u00edte, berte jako p\u0159\u00edjemn\u00fd bonus. Nemus\u00ed to b\u00fdt nic slo\u017eit\u00e9ho a ur\u010dit\u011b nepot\u0159ebujete b\u00fdt nijak extra zru\u010dn\u00ed. Tyhle snadn\u00e9 v\u00e1no\u010dn\u00ed ozdobi\u010dky zvl\u00e1dnou v\u011bt\u0161\u00ed d\u011bti klidn\u011b i samotn\u00e9. Inspirujte se. V\u00e1no\u010dn\u00ed and\u00edlek z vatov\u00fdch tamp\u00f3nk\u016f N\u011bco tak oby\u010dejn\u00e9ho jako vatov\u00e9 odli\u010dovac\u00ed tamp\u00f3nky jist\u011b doma v\u0161ichni m\u00e1te. Nachystejte si dva odli\u010dovac\u00ed tamp\u00f3nky na jednoho and\u00edlka. D\u00e1le budete pot\u0159ebovat polystyrenovou kuli\u010dku, tavnou pistoli a n\u011bkolik drobn\u00fdch kam\u00ednk\u016f na ozdoben\u00ed. \u010cern\u00fd fix pak poslou\u017e\u00ed na pomalov\u00e1n\u00ed obli\u010deje. Samotn\u00fd postup je velmi jednoduch\u00fd. Jeden tamp\u00f3nek sta\u010d\u00ed zahnout do tvaru ku\u017eele a ten druh\u00fd v polovin\u011b rozst\u0159ihnout. Slep\u00edme v\u0161echny t\u0159i \u010d\u00e1sti k sob\u011b, tak aby ku\u017eel tvo\u0159il t\u011bl\u00ed\u010dko and\u011bla a dv\u011b p\u016flky vytvo\u0159ily k\u0159\u00eddla. Na polystyrenovou kuli\u010dku sta\u010d\u00ed namalovat fixem obli\u010dej a p\u0159ilepit k t\u011bl\u00ed\u010dku. Kam\u00ednky ozdobte t\u011bl\u00ed\u010dko and\u011bl\u00ed\u010dka, aby se co nejv\u00edce t\u0159pytil, a m\u00e1te hotovo. Takov\u00fdch and\u011bl\u00ed\u010dk\u016f vytvo\u0159te klidn\u011b v\u00edce a pov\u011bste si je nap\u0159\u00edklad na zelen\u00e9 v\u011btvi\u010dky jehli\u010dnan\u016f nebo kamkoliv jinak, jak zkr\u00e1tka uzn\u00e1te za vhodn\u00e9. A co by to byly V\u00e1noce bez sn\u011bhov\u00fdch vlo\u010dek. Ty si snadno vytvo\u0159te z oby\u010dejn\u00e9ho barevn\u00e9ho nebo b\u00edl\u00e9ho pap\u00edru. Vlo\u010dku budete sice muset z pap\u00edru vyst\u0159ihnout ale skv\u011bl\u00e9 je, \u017ee vlo\u010dky nikdy nemus\u00ed m\u00edt stejn\u00fd tvar, tak\u017ee se nemus\u00edte sna\u017eit o \u017e\u00e1dn\u00e9 um\u011bleck\u00e9 d\u00edlo. Vyst\u0159i\u017eenou vlo\u010dku podle vlastn\u00edho p\u0159\u00e1n\u00ed pot\u0159ete lepidlem a ihned posypte t\u0159pytkami. Ty mohou b\u00fdt jakkoliv barevn\u00e9, sla\u010fte je nap\u0159\u00edklad s barvou ostatn\u00edch ozdob. T\u0159pytkami ne\u0161et\u0159ete a nechte je zaschnout. Zbytek t\u0159pytek, kter\u00e9 se nezachyt\u00ed, m\u016f\u017eete pot\u00e9 zp\u00e1tky sesypat do krabi\u010dky a vyu\u017e\u00edt zase p\u0159\u00ed\u0161t\u011b. T\u0159pytky m\u016f\u017eete aplikovat i z druh\u00e9 strany vlo\u010dky a takto kr\u00e1sn\u011b t\u0159pytivou vlo\u010dku m\u016f\u017eete zav\u011bsit t\u0159eba na okno.                                                                                                                                                                                                                                                                                                                                                                                        4.1\/5 - (7 votes)        "},{"@context":"https:\/\/schema.org\/","@type":"BreadcrumbList","itemListElement":[{"@type":"ListItem","position":1,"name":"V\u00e1no\u010dn\u00ed v\u00fdzdobu letos nechte na d\u011btech. Budete m\u00edt doma jedine\u010dnou a origin\u00e1ln\u00ed atmosf\u00e9ru a za hubi\u010dku.","item":"https:\/\/www.bran.cz\/vanocni-vyzdobu-letos-nechte-na-detech-budete-mit-doma-jedinecnou-a-originalni-atmosferu-a-za-hubicku\/#breadcrumbitem"}]}]